{"id":4623,"date":"2025-02-19T12:13:36","date_gmt":"2025-02-19T01:13:36","guid":{"rendered":"https:\/\/minetek.com\/?p=4623"},"modified":"2025-02-19T12:13:36","modified_gmt":"2025-02-19T01:13:36","slug":"minetek-attends-2025-sme-minexchange-conference","status":"publish","type":"post","link":"https:\/\/minetek.com\/fr\/resource-hub\/news\/minetek-attends-2025-sme-minexchange-conference\/","title":{"rendered":"Minetek participe \u00e0 la conf\u00e9rence 2025 SME MINEXCHANGE"},"content":{"rendered":"<div class=\"c-cms-content\"><h4>SME Minexchange 2025<\/h4>\n<p>Le <mark><a href=\"https:\/\/smeannualconference.org\/\">SME MINEXCHANGE 2025 Annual Conference &amp; Expo<\/a><\/mark> will take place at the Colorado Convention Center in Denver, Colorado, from February 23\u201326, 2025. As the mining industry\u2019s premier technical conference, the event will gather over 6,000 industry professionals to exchange insights on key topics such as tailings management, water management challenges, underground ventilation, net-zero mining strategies, workforce development, and critical minerals.<\/p>\n<p>Minetek is proud to exhibit at this year&#8217;s conference and as a globally recognised provider of advanced solutions in air ventilation, water management, and sound attenuation, we are eager to showcase how our innovations have driven significant improvements in safety, regulatory compliance, and operational profitability for mining operations.<\/p>\n<p>Visit the Minetek booth (#2019) to learn more about our comprehensive air, water, and sound solutions and how they can transform your site\u2019s performance.<\/p>\n<\/div>","protected":false},"excerpt":{"rendered":"<p>SME Minexchange 2025 The SME MINEXCHANGE 2025 Annual Conference &amp; Expo will take place at the Colorado Convention Center in Denver, Colorado, from February 23\u201326, 2025. As the mining industry\u2019s premier technical conference, the event will gather over 6,000 industry professionals to exchange insights on key topics such as tailings management, water management challenges, underground ventilation, net-zero mining strategies, workforce development, and critical minerals. Minetek is proud to exhibit at this year&#8217;s conference and as a globally recognised provider of advanced solutions in air ventilation, water management, and sound attenuation, we are eager to showcase how our innovations have driven [&hellip;]<\/p>\n","protected":false},"author":3,"featured_media":4624,"comment_status":"closed","ping_status":"open","sticky":false,"template":"","format":"standard","meta":{"_acf_changed":false,"footnotes":""},"categories":[1],"tags":[],"class_list":["post-4623","post","type-post","status-publish","format-standard","has-post-thumbnail","hentry","category-group"],"acf":[],"contentshake_article_id":"","yoast_head":"<!-- This site is optimized with the Yoast SEO plugin v27.5 - https:\/\/yoast.com\/product\/yoast-seo-wordpress\/ -->\n<title>Minetek attends 2025 SME MINEXCHANGE conference | Minetek<\/title>\n<meta name=\"description\" content=\"This article details Minetek&#039;s attendance and exhibitorship at the 2025 SME Minexchange conference in Denver, Colorado.\" \/>\n<meta name=\"robots\" content=\"index, follow, max-snippet:-1, max-image-preview:large, max-video-preview:-1\" \/>\n<link rel=\"canonical\" href=\"https:\/\/minetek.com\/fr\/resource-hub\/news\/minetek-attends-2025-sme-minexchange-conference\/\" \/>\n<meta property=\"og:locale\" content=\"fr_FR\" \/>\n<meta property=\"og:type\" content=\"article\" \/>\n<meta property=\"og:title\" content=\"Minetek attends 2025 SME MINEXCHANGE conference | Minetek\" \/>\n<meta property=\"og:description\" content=\"This article details Minetek&#039;s attendance and exhibitorship at the 2025 SME Minexchange conference in Denver, Colorado.\" \/>\n<meta property=\"og:url\" content=\"https:\/\/minetek.com\/fr\/resource-hub\/news\/minetek-attends-2025-sme-minexchange-conference\/\" \/>\n<meta property=\"og:site_name\" content=\"Minetek\" \/>\n<meta property=\"article:publisher\" content=\"https:\/\/www.facebook.com\/mineteksolutions\/\" \/>\n<meta property=\"article:published_time\" content=\"2025-02-19T01:13:36+00:00\" \/>\n<meta property=\"og:image\" content=\"https:\/\/minetek.com\/wp-content\/uploads\/2025\/02\/Minetek-Images-59.jpg\" \/>\n\t<meta property=\"og:image:width\" content=\"1920\" \/>\n\t<meta property=\"og:image:height\" content=\"1080\" \/>\n\t<meta property=\"og:image:type\" content=\"image\/jpeg\" \/>\n<meta name=\"author\" content=\"griffen.burgess\" \/>\n<meta name=\"twitter:card\" content=\"summary_large_image\" \/>\n<meta name=\"twitter:label1\" content=\"\u00c9crit par\" \/>\n\t<meta name=\"twitter:data1\" content=\"griffen.burgess\" \/>\n\t<meta name=\"twitter:label2\" content=\"Dur\u00e9e de lecture estim\u00e9e\" \/>\n\t<meta name=\"twitter:data2\" content=\"1 minute\" \/>\n<script type=\"application\/ld+json\" class=\"yoast-schema-graph\">{\"@context\":\"https:\\\/\\\/schema.org\",\"@graph\":[{\"@type\":\"Article\",\"@id\":\"https:\\\/\\\/minetek.com\\\/resource-hub\\\/news\\\/minetek-attends-2025-sme-minexchange-conference\\\/#article\",\"isPartOf\":{\"@id\":\"https:\\\/\\\/minetek.com\\\/resource-hub\\\/news\\\/minetek-attends-2025-sme-minexchange-conference\\\/\"},\"author\":{\"name\":\"griffen.burgess\",\"@id\":\"https:\\\/\\\/minetek.com\\\/#\\\/schema\\\/person\\\/deb6039fe36be4ac9334e3e667c33713\"},\"headline\":\"Minetek attends 2025 SME MINEXCHANGE conference\",\"datePublished\":\"2025-02-19T01:13:36+00:00\",\"mainEntityOfPage\":{\"@id\":\"https:\\\/\\\/minetek.com\\\/resource-hub\\\/news\\\/minetek-attends-2025-sme-minexchange-conference\\\/\"},\"wordCount\":138,\"publisher\":{\"@id\":\"https:\\\/\\\/minetek.com\\\/#organization\"},\"image\":{\"@id\":\"https:\\\/\\\/minetek.com\\\/resource-hub\\\/news\\\/minetek-attends-2025-sme-minexchange-conference\\\/#primaryimage\"},\"thumbnailUrl\":\"https:\\\/\\\/minetek.com\\\/wp-content\\\/uploads\\\/2025\\\/02\\\/Minetek-Images-59.jpg\",\"articleSection\":[\"Group\"],\"inLanguage\":\"fr-FR\"},{\"@type\":\"WebPage\",\"@id\":\"https:\\\/\\\/minetek.com\\\/resource-hub\\\/news\\\/minetek-attends-2025-sme-minexchange-conference\\\/\",\"url\":\"https:\\\/\\\/minetek.com\\\/resource-hub\\\/news\\\/minetek-attends-2025-sme-minexchange-conference\\\/\",\"name\":\"Minetek attends 2025 SME MINEXCHANGE conference | Minetek\",\"isPartOf\":{\"@id\":\"https:\\\/\\\/minetek.com\\\/#website\"},\"primaryImageOfPage\":{\"@id\":\"https:\\\/\\\/minetek.com\\\/resource-hub\\\/news\\\/minetek-attends-2025-sme-minexchange-conference\\\/#primaryimage\"},\"image\":{\"@id\":\"https:\\\/\\\/minetek.com\\\/resource-hub\\\/news\\\/minetek-attends-2025-sme-minexchange-conference\\\/#primaryimage\"},\"thumbnailUrl\":\"https:\\\/\\\/minetek.com\\\/wp-content\\\/uploads\\\/2025\\\/02\\\/Minetek-Images-59.jpg\",\"datePublished\":\"2025-02-19T01:13:36+00:00\",\"description\":\"This article details Minetek's attendance and exhibitorship at the 2025 SME Minexchange conference in Denver, Colorado.\",\"breadcrumb\":{\"@id\":\"https:\\\/\\\/minetek.com\\\/resource-hub\\\/news\\\/minetek-attends-2025-sme-minexchange-conference\\\/#breadcrumb\"},\"inLanguage\":\"fr-FR\",\"potentialAction\":[{\"@type\":\"ReadAction\",\"target\":[\"https:\\\/\\\/minetek.com\\\/resource-hub\\\/news\\\/minetek-attends-2025-sme-minexchange-conference\\\/\"]}]},{\"@type\":\"ImageObject\",\"inLanguage\":\"fr-FR\",\"@id\":\"https:\\\/\\\/minetek.com\\\/resource-hub\\\/news\\\/minetek-attends-2025-sme-minexchange-conference\\\/#primaryimage\",\"url\":\"https:\\\/\\\/minetek.com\\\/wp-content\\\/uploads\\\/2025\\\/02\\\/Minetek-Images-59.jpg\",\"contentUrl\":\"https:\\\/\\\/minetek.com\\\/wp-content\\\/uploads\\\/2025\\\/02\\\/Minetek-Images-59.jpg\",\"width\":1920,\"height\":1080,\"caption\":\"Minetek x Minexchange SM conference\"},{\"@type\":\"BreadcrumbList\",\"@id\":\"https:\\\/\\\/minetek.com\\\/resource-hub\\\/news\\\/minetek-attends-2025-sme-minexchange-conference\\\/#breadcrumb\",\"itemListElement\":[{\"@type\":\"ListItem\",\"position\":1,\"name\":\"Home\",\"item\":\"https:\\\/\\\/minetek.com\\\/\"},{\"@type\":\"ListItem\",\"position\":2,\"name\":\"Minetek attends 2025 SME MINEXCHANGE conference\"}]},{\"@type\":\"WebSite\",\"@id\":\"https:\\\/\\\/minetek.com\\\/#website\",\"url\":\"https:\\\/\\\/minetek.com\\\/\",\"name\":\"Minetek\",\"description\":\"World-class water evaporation, underground ventilation, sound reduction solutions for mining and industry.\",\"publisher\":{\"@id\":\"https:\\\/\\\/minetek.com\\\/#organization\"},\"potentialAction\":[{\"@type\":\"SearchAction\",\"target\":{\"@type\":\"EntryPoint\",\"urlTemplate\":\"https:\\\/\\\/minetek.com\\\/?s={search_term_string}\"},\"query-input\":{\"@type\":\"PropertyValueSpecification\",\"valueRequired\":true,\"valueName\":\"search_term_string\"}}],\"inLanguage\":\"fr-FR\"},{\"@type\":\"Organization\",\"@id\":\"https:\\\/\\\/minetek.com\\\/#organization\",\"name\":\"Minetek\",\"url\":\"https:\\\/\\\/minetek.com\\\/\",\"logo\":{\"@type\":\"ImageObject\",\"inLanguage\":\"fr-FR\",\"@id\":\"https:\\\/\\\/minetek.com\\\/#\\\/schema\\\/logo\\\/image\\\/\",\"url\":\"https:\\\/\\\/minetek.com\\\/wp-content\\\/uploads\\\/2025\\\/02\\\/13.png\",\"contentUrl\":\"https:\\\/\\\/minetek.com\\\/wp-content\\\/uploads\\\/2025\\\/02\\\/13.png\",\"width\":600,\"height\":600,\"caption\":\"Minetek\"},\"image\":{\"@id\":\"https:\\\/\\\/minetek.com\\\/#\\\/schema\\\/logo\\\/image\\\/\"},\"sameAs\":[\"https:\\\/\\\/www.facebook.com\\\/mineteksolutions\\\/\",\"https:\\\/\\\/www.linkedin.com\\\/company\\\/minetek\\\/\"]},{\"@type\":\"Person\",\"@id\":\"https:\\\/\\\/minetek.com\\\/#\\\/schema\\\/person\\\/deb6039fe36be4ac9334e3e667c33713\",\"name\":\"griffen.burgess\",\"image\":{\"@type\":\"ImageObject\",\"inLanguage\":\"fr-FR\",\"@id\":\"https:\\\/\\\/secure.gravatar.com\\\/avatar\\\/e336485fe4531a16418ad47e3b8bd9751ccd49a676dcf74e8d2b3d6a72079ed4?s=96&d=mm&r=g\",\"url\":\"https:\\\/\\\/secure.gravatar.com\\\/avatar\\\/e336485fe4531a16418ad47e3b8bd9751ccd49a676dcf74e8d2b3d6a72079ed4?s=96&d=mm&r=g\",\"contentUrl\":\"https:\\\/\\\/secure.gravatar.com\\\/avatar\\\/e336485fe4531a16418ad47e3b8bd9751ccd49a676dcf74e8d2b3d6a72079ed4?s=96&d=mm&r=g\",\"caption\":\"griffen.burgess\"},\"url\":\"https:\\\/\\\/minetek.com\\\/fr\\\/resource-hub\\\/news\\\/author\\\/griffen-burgess\\\/\"}]}<\/script>\n<!-- \/ Yoast SEO plugin. -->","yoast_head_json":{"title":"Minetek attends 2025 SME MINEXCHANGE conference | Minetek","description":"This article details Minetek's attendance and exhibitorship at the 2025 SME Minexchange conference in Denver, Colorado.","robots":{"index":"index","follow":"follow","max-snippet":"max-snippet:-1","max-image-preview":"max-image-preview:large","max-video-preview":"max-video-preview:-1"},"canonical":"https:\/\/minetek.com\/fr\/resource-hub\/news\/minetek-attends-2025-sme-minexchange-conference\/","og_locale":"fr_FR","og_type":"article","og_title":"Minetek attends 2025 SME MINEXCHANGE conference | Minetek","og_description":"This article details Minetek's attendance and exhibitorship at the 2025 SME Minexchange conference in Denver, Colorado.","og_url":"https:\/\/minetek.com\/fr\/resource-hub\/news\/minetek-attends-2025-sme-minexchange-conference\/","og_site_name":"Minetek","article_publisher":"https:\/\/www.facebook.com\/mineteksolutions\/","article_published_time":"2025-02-19T01:13:36+00:00","og_image":[{"width":1920,"height":1080,"url":"https:\/\/minetek.com\/wp-content\/uploads\/2025\/02\/Minetek-Images-59.jpg","type":"image\/jpeg"}],"author":"griffen.burgess","twitter_card":"summary_large_image","twitter_misc":{"\u00c9crit par":"griffen.burgess","Dur\u00e9e de lecture estim\u00e9e":"1 minute"},"schema":{"@context":"https:\/\/schema.org","@graph":[{"@type":"Article","@id":"https:\/\/minetek.com\/resource-hub\/news\/minetek-attends-2025-sme-minexchange-conference\/#article","isPartOf":{"@id":"https:\/\/minetek.com\/resource-hub\/news\/minetek-attends-2025-sme-minexchange-conference\/"},"author":{"name":"griffen.burgess","@id":"https:\/\/minetek.com\/#\/schema\/person\/deb6039fe36be4ac9334e3e667c33713"},"headline":"Minetek attends 2025 SME MINEXCHANGE conference","datePublished":"2025-02-19T01:13:36+00:00","mainEntityOfPage":{"@id":"https:\/\/minetek.com\/resource-hub\/news\/minetek-attends-2025-sme-minexchange-conference\/"},"wordCount":138,"publisher":{"@id":"https:\/\/minetek.com\/#organization"},"image":{"@id":"https:\/\/minetek.com\/resource-hub\/news\/minetek-attends-2025-sme-minexchange-conference\/#primaryimage"},"thumbnailUrl":"https:\/\/minetek.com\/wp-content\/uploads\/2025\/02\/Minetek-Images-59.jpg","articleSection":["Group"],"inLanguage":"fr-FR"},{"@type":"WebPage","@id":"https:\/\/minetek.com\/resource-hub\/news\/minetek-attends-2025-sme-minexchange-conference\/","url":"https:\/\/minetek.com\/resource-hub\/news\/minetek-attends-2025-sme-minexchange-conference\/","name":"Minetek attends 2025 SME MINEXCHANGE conference | Minetek","isPartOf":{"@id":"https:\/\/minetek.com\/#website"},"primaryImageOfPage":{"@id":"https:\/\/minetek.com\/resource-hub\/news\/minetek-attends-2025-sme-minexchange-conference\/#primaryimage"},"image":{"@id":"https:\/\/minetek.com\/resource-hub\/news\/minetek-attends-2025-sme-minexchange-conference\/#primaryimage"},"thumbnailUrl":"https:\/\/minetek.com\/wp-content\/uploads\/2025\/02\/Minetek-Images-59.jpg","datePublished":"2025-02-19T01:13:36+00:00","description":"This article details Minetek's attendance and exhibitorship at the 2025 SME Minexchange conference in Denver, Colorado.","breadcrumb":{"@id":"https:\/\/minetek.com\/resource-hub\/news\/minetek-attends-2025-sme-minexchange-conference\/#breadcrumb"},"inLanguage":"fr-FR","potentialAction":[{"@type":"ReadAction","target":["https:\/\/minetek.com\/resource-hub\/news\/minetek-attends-2025-sme-minexchange-conference\/"]}]},{"@type":"ImageObject","inLanguage":"fr-FR","@id":"https:\/\/minetek.com\/resource-hub\/news\/minetek-attends-2025-sme-minexchange-conference\/#primaryimage","url":"https:\/\/minetek.com\/wp-content\/uploads\/2025\/02\/Minetek-Images-59.jpg","contentUrl":"https:\/\/minetek.com\/wp-content\/uploads\/2025\/02\/Minetek-Images-59.jpg","width":1920,"height":1080,"caption":"Minetek x Minexchange SM conference"},{"@type":"BreadcrumbList","@id":"https:\/\/minetek.com\/resource-hub\/news\/minetek-attends-2025-sme-minexchange-conference\/#breadcrumb","itemListElement":[{"@type":"ListItem","position":1,"name":"Home","item":"https:\/\/minetek.com\/"},{"@type":"ListItem","position":2,"name":"Minetek attends 2025 SME MINEXCHANGE conference"}]},{"@type":"WebSite","@id":"https:\/\/minetek.com\/#website","url":"https:\/\/minetek.com\/","name":"Minetek","description":"Solutions de classe mondiale pour l'\u00e9vaporation de l'eau, la ventilation souterraine et la r\u00e9duction du bruit dans l'industrie mini\u00e8re et l'industrie.","publisher":{"@id":"https:\/\/minetek.com\/#organization"},"potentialAction":[{"@type":"SearchAction","target":{"@type":"EntryPoint","urlTemplate":"https:\/\/minetek.com\/?s={search_term_string}"},"query-input":{"@type":"PropertyValueSpecification","valueRequired":true,"valueName":"search_term_string"}}],"inLanguage":"fr-FR"},{"@type":"Organization","@id":"https:\/\/minetek.com\/#organization","name":"Minetek","url":"https:\/\/minetek.com\/","logo":{"@type":"ImageObject","inLanguage":"fr-FR","@id":"https:\/\/minetek.com\/#\/schema\/logo\/image\/","url":"https:\/\/minetek.com\/wp-content\/uploads\/2025\/02\/13.png","contentUrl":"https:\/\/minetek.com\/wp-content\/uploads\/2025\/02\/13.png","width":600,"height":600,"caption":"Minetek"},"image":{"@id":"https:\/\/minetek.com\/#\/schema\/logo\/image\/"},"sameAs":["https:\/\/www.facebook.com\/mineteksolutions\/","https:\/\/www.linkedin.com\/company\/minetek\/"]},{"@type":"Person","@id":"https:\/\/minetek.com\/#\/schema\/person\/deb6039fe36be4ac9334e3e667c33713","name":"griffen.burgess","image":{"@type":"ImageObject","inLanguage":"fr-FR","@id":"https:\/\/secure.gravatar.com\/avatar\/e336485fe4531a16418ad47e3b8bd9751ccd49a676dcf74e8d2b3d6a72079ed4?s=96&d=mm&r=g","url":"https:\/\/secure.gravatar.com\/avatar\/e336485fe4531a16418ad47e3b8bd9751ccd49a676dcf74e8d2b3d6a72079ed4?s=96&d=mm&r=g","contentUrl":"https:\/\/secure.gravatar.com\/avatar\/e336485fe4531a16418ad47e3b8bd9751ccd49a676dcf74e8d2b3d6a72079ed4?s=96&d=mm&r=g","caption":"griffen.burgess"},"url":"https:\/\/minetek.com\/fr\/resource-hub\/news\/author\/griffen-burgess\/"}]}},"_links":{"self":[{"href":"https:\/\/minetek.com\/fr\/wp-json\/wp\/v2\/posts\/4623","targetHints":{"allow":["GET"]}}],"collection":[{"href":"https:\/\/minetek.com\/fr\/wp-json\/wp\/v2\/posts"}],"about":[{"href":"https:\/\/minetek.com\/fr\/wp-json\/wp\/v2\/types\/post"}],"author":[{"embeddable":true,"href":"https:\/\/minetek.com\/fr\/wp-json\/wp\/v2\/users\/3"}],"replies":[{"embeddable":true,"href":"https:\/\/minetek.com\/fr\/wp-json\/wp\/v2\/comments?post=4623"}],"version-history":[{"count":0,"href":"https:\/\/minetek.com\/fr\/wp-json\/wp\/v2\/posts\/4623\/revisions"}],"wp:featuredmedia":[{"embeddable":true,"href":"https:\/\/minetek.com\/fr\/wp-json\/wp\/v2\/media\/4624"}],"wp:attachment":[{"href":"https:\/\/minetek.com\/fr\/wp-json\/wp\/v2\/media?parent=4623"}],"wp:term":[{"taxonomy":"category","embeddable":true,"href":"https:\/\/minetek.com\/fr\/wp-json\/wp\/v2\/categories?post=4623"},{"taxonomy":"post_tag","embeddable":true,"href":"https:\/\/minetek.com\/fr\/wp-json\/wp\/v2\/tags?post=4623"}],"curies":[{"name":"wp","href":"https:\/\/api.w.org\/{rel}","templated":true}]}}