{"id":1115,"date":"2024-05-21T14:57:06","date_gmt":"2024-05-21T04:57:06","guid":{"rendered":"https:\/\/minetek.com\/?p=1115"},"modified":"2024-10-21T15:23:55","modified_gmt":"2024-10-21T04:23:55","slug":"2023-north-american-mine-ventilation-symposium","status":"publish","type":"post","link":"https:\/\/minetek.com\/fr\/resource-hub\/news\/2023-north-american-mine-ventilation-symposium\/","title":{"rendered":"Minetek participe au symposium nord-am\u00e9ricain sur la ventilation des mines"},"content":{"rendered":"<div class=\"c-cms-content\"><p>L'ann\u00e9e 2023\u00a0<a href=\"https:\/\/namvs2023.org\/\" target=\"_blank\" rel=\"noreferrer noopener\">Symposium nord-am\u00e9ricain sur la ventilation des mines (NAMVS)<\/a>\u00a0L'exposition s'est tenue \u00e0 l'Universit\u00e9 des mines du Dakota du Sud \u00e0 Rapid City, dans le Dakota du Sud, du samedi 17 juin au dimanche 18 juin.<sup>th<\/sup>\u00a0au jeudi 22 juin<sup>nd<\/sup>. Cet \u00e9v\u00e9nement industriel a attir\u00e9 des professionnels de la ventilation et des fabricants de tous les \u00c9tats-Unis et du monde entier, offrant une plate-forme pour l'\u00e9change de nouvelles pratiques de ventilation, l'innovation et la recherche. Organis\u00e9 par la Society for Mining, Metallurgy &amp; Exploration Inc. (SME) et South Dakota Mines, le NAMVS a couvert un large \u00e9ventail de sujets, notamment la planification de la ventilation des mines, la conception de la ventilation,\u00a0<a href=\"https:\/\/minetek.com\/fr\/solutions\/air\/\">les ventilateurs principaux et les ventilateurs d'appoint,<\/a> la ventilation auxiliaire et le contr\u00f4le des poussi\u00e8res mini\u00e8res.<\/p>\n<p>Cette ann\u00e9e, Minetek \u00e9tait sponsor platine et exposant \u00e0 la NAMVS, soutenant fi\u00e8rement ce symposium \u00e9valu\u00e9 par les pairs. Cet \u00e9v\u00e9nement a \u00e9t\u00e9 une excellente occasion pour les acteurs de l'industrie m\u00e9tallurgique et charbonni\u00e8re souterraine de promouvoir et de partager des id\u00e9es nouvelles et des recherches visant \u00e0 am\u00e9liorer les performances et la s\u00e9curit\u00e9 de la ventilation des mines.<\/p>\n<p>Nos repr\u00e9sentants Minetek Air pr\u00e9sents\u00a0<a href=\"https:\/\/www.linkedin.com\/in\/jeremy-sutherland-6568b372\/\" target=\"_blank\" rel=\"noreferrer noopener\">Jeremy Sutherland<\/a>\u00a0et Simon Bird \u00e9taient ravis de participer \u00e0 la discussion sur la ventilation des mines. En tant que fournisseur mondialement reconnu de solutions de ventilation souterraine,\u00a0<a href=\"https:\/\/minetek.com\/fr\/solutions\/air\/\">Minetek Air<\/a> \u00e9tait impatient de partager l'incroyable innovation et la technologie utilis\u00e9es par nos fans pour am\u00e9liorer la s\u00e9curit\u00e9, la conformit\u00e9 et les b\u00e9n\u00e9fices de nos clients.<\/p>\n<\/div>","protected":false},"excerpt":{"rendered":"<p>The 2023\u00a0North American Mine Ventilation Symposium (NAMVS)\u00a0and expo was held at South Dakota Mines University in Rapid City, South Dakota from Saturday June 17th\u00a0to Thursday June 22nd. The industry event attracted ventilation professionals and manufacturers from across the United States and the world, providing a platform for exchange of new ventilation practices, innovation, and research. Organised by the Society for Mining, Metallurgy &amp; Exploration Inc. (SME) and South Dakota Mines, NAMVS covered a broad variety of topics including mine ventilation planning, ventilation design,\u00a0main and booster fans, auxiliary ventilation, and mine dust control. This year,\u00a0Minetek\u00a0was a platinum sponsor and exhibitor at [&hellip;]<\/p>\n","protected":false},"author":1,"featured_media":2796,"comment_status":"closed","ping_status":"open","sticky":false,"template":"","format":"standard","meta":{"_acf_changed":false,"footnotes":""},"categories":[6],"tags":[],"class_list":["post-1115","post","type-post","status-publish","format-standard","has-post-thumbnail","hentry","category-air"],"acf":[],"contentshake_article_id":"","yoast_head":"<!-- This site is optimized with the Yoast SEO plugin v27.4 - https:\/\/yoast.com\/product\/yoast-seo-wordpress\/ -->\n<title>Minetek attends North American Mine Ventilation Symposium - Minetek<\/title>\n<meta name=\"description\" content=\"This article details Minetek&#039;s attendance of the 2023 North American Mine Ventilation Symposium, unpacking new innovations and learnings.\" \/>\n<meta name=\"robots\" content=\"index, follow, max-snippet:-1, max-image-preview:large, max-video-preview:-1\" \/>\n<link rel=\"canonical\" href=\"https:\/\/minetek.com\/fr\/resource-hub\/news\/2023-north-american-mine-ventilation-symposium\/\" \/>\n<meta property=\"og:locale\" content=\"fr_FR\" \/>\n<meta property=\"og:type\" content=\"article\" \/>\n<meta property=\"og:title\" content=\"Minetek attends North American Mine Ventilation Symposium - Minetek\" \/>\n<meta property=\"og:description\" content=\"This article details Minetek&#039;s attendance of the 2023 North American Mine Ventilation Symposium, unpacking new innovations and learnings.\" \/>\n<meta property=\"og:url\" content=\"https:\/\/minetek.com\/fr\/resource-hub\/news\/2023-north-american-mine-ventilation-symposium\/\" \/>\n<meta property=\"og:site_name\" content=\"Minetek\" \/>\n<meta property=\"article:publisher\" content=\"https:\/\/www.facebook.com\/mineteksolutions\/\" \/>\n<meta property=\"article:published_time\" content=\"2024-05-21T04:57:06+00:00\" \/>\n<meta property=\"article:modified_time\" content=\"2024-10-21T04:23:55+00:00\" \/>\n<meta property=\"og:image\" content=\"https:\/\/minetek.com\/wp-content\/uploads\/2024\/05\/Raptor-Series-Primary-Fan.png\" \/>\n\t<meta property=\"og:image:width\" content=\"1920\" \/>\n\t<meta property=\"og:image:height\" content=\"1536\" \/>\n\t<meta property=\"og:image:type\" content=\"image\/png\" \/>\n<meta name=\"author\" content=\"RockAdmin\" \/>\n<meta name=\"twitter:card\" content=\"summary_large_image\" \/>\n<meta name=\"twitter:label1\" content=\"\u00c9crit par\" \/>\n\t<meta name=\"twitter:data1\" content=\"RockAdmin\" \/>\n\t<meta name=\"twitter:label2\" content=\"Dur\u00e9e de lecture estim\u00e9e\" \/>\n\t<meta name=\"twitter:data2\" content=\"2 minutes\" \/>\n<script type=\"application\/ld+json\" class=\"yoast-schema-graph\">{\"@context\":\"https:\\\/\\\/schema.org\",\"@graph\":[{\"@type\":\"Article\",\"@id\":\"https:\\\/\\\/minetek.com\\\/resource-hub\\\/news\\\/2023-north-american-mine-ventilation-symposium\\\/#article\",\"isPartOf\":{\"@id\":\"https:\\\/\\\/minetek.com\\\/resource-hub\\\/news\\\/2023-north-american-mine-ventilation-symposium\\\/\"},\"author\":{\"name\":\"RockAdmin\",\"@id\":\"https:\\\/\\\/minetek.com\\\/#\\\/schema\\\/person\\\/020d627bcef6972a64d4744f853e0e29\"},\"headline\":\"Minetek attends North American Mine Ventilation Symposium\",\"datePublished\":\"2024-05-21T04:57:06+00:00\",\"dateModified\":\"2024-10-21T04:23:55+00:00\",\"mainEntityOfPage\":{\"@id\":\"https:\\\/\\\/minetek.com\\\/resource-hub\\\/news\\\/2023-north-american-mine-ventilation-symposium\\\/\"},\"wordCount\":202,\"publisher\":{\"@id\":\"https:\\\/\\\/minetek.com\\\/#organization\"},\"image\":{\"@id\":\"https:\\\/\\\/minetek.com\\\/resource-hub\\\/news\\\/2023-north-american-mine-ventilation-symposium\\\/#primaryimage\"},\"thumbnailUrl\":\"https:\\\/\\\/minetek.com\\\/wp-content\\\/uploads\\\/2024\\\/05\\\/Raptor-Series-Primary-Fan.png\",\"articleSection\":[\"Air\"],\"inLanguage\":\"fr-FR\"},{\"@type\":\"WebPage\",\"@id\":\"https:\\\/\\\/minetek.com\\\/resource-hub\\\/news\\\/2023-north-american-mine-ventilation-symposium\\\/\",\"url\":\"https:\\\/\\\/minetek.com\\\/resource-hub\\\/news\\\/2023-north-american-mine-ventilation-symposium\\\/\",\"name\":\"Minetek attends North American Mine Ventilation Symposium - Minetek\",\"isPartOf\":{\"@id\":\"https:\\\/\\\/minetek.com\\\/#website\"},\"primaryImageOfPage\":{\"@id\":\"https:\\\/\\\/minetek.com\\\/resource-hub\\\/news\\\/2023-north-american-mine-ventilation-symposium\\\/#primaryimage\"},\"image\":{\"@id\":\"https:\\\/\\\/minetek.com\\\/resource-hub\\\/news\\\/2023-north-american-mine-ventilation-symposium\\\/#primaryimage\"},\"thumbnailUrl\":\"https:\\\/\\\/minetek.com\\\/wp-content\\\/uploads\\\/2024\\\/05\\\/Raptor-Series-Primary-Fan.png\",\"datePublished\":\"2024-05-21T04:57:06+00:00\",\"dateModified\":\"2024-10-21T04:23:55+00:00\",\"description\":\"This article details Minetek's attendance of the 2023 North American Mine Ventilation Symposium, unpacking new innovations and learnings.\",\"breadcrumb\":{\"@id\":\"https:\\\/\\\/minetek.com\\\/resource-hub\\\/news\\\/2023-north-american-mine-ventilation-symposium\\\/#breadcrumb\"},\"inLanguage\":\"fr-FR\",\"potentialAction\":[{\"@type\":\"ReadAction\",\"target\":[\"https:\\\/\\\/minetek.com\\\/resource-hub\\\/news\\\/2023-north-american-mine-ventilation-symposium\\\/\"]}]},{\"@type\":\"ImageObject\",\"inLanguage\":\"fr-FR\",\"@id\":\"https:\\\/\\\/minetek.com\\\/resource-hub\\\/news\\\/2023-north-american-mine-ventilation-symposium\\\/#primaryimage\",\"url\":\"https:\\\/\\\/minetek.com\\\/wp-content\\\/uploads\\\/2024\\\/05\\\/Raptor-Series-Primary-Fan.png\",\"contentUrl\":\"https:\\\/\\\/minetek.com\\\/wp-content\\\/uploads\\\/2024\\\/05\\\/Raptor-Series-Primary-Fan.png\",\"width\":1920,\"height\":1536},{\"@type\":\"BreadcrumbList\",\"@id\":\"https:\\\/\\\/minetek.com\\\/resource-hub\\\/news\\\/2023-north-american-mine-ventilation-symposium\\\/#breadcrumb\",\"itemListElement\":[{\"@type\":\"ListItem\",\"position\":1,\"name\":\"Home\",\"item\":\"https:\\\/\\\/minetek.com\\\/\"},{\"@type\":\"ListItem\",\"position\":2,\"name\":\"Minetek attends North American Mine Ventilation Symposium\"}]},{\"@type\":\"WebSite\",\"@id\":\"https:\\\/\\\/minetek.com\\\/#website\",\"url\":\"https:\\\/\\\/minetek.com\\\/\",\"name\":\"Minetek\",\"description\":\"World-class water evaporation, underground ventilation, sound reduction solutions for mining and industry.\",\"publisher\":{\"@id\":\"https:\\\/\\\/minetek.com\\\/#organization\"},\"potentialAction\":[{\"@type\":\"SearchAction\",\"target\":{\"@type\":\"EntryPoint\",\"urlTemplate\":\"https:\\\/\\\/minetek.com\\\/?s={search_term_string}\"},\"query-input\":{\"@type\":\"PropertyValueSpecification\",\"valueRequired\":true,\"valueName\":\"search_term_string\"}}],\"inLanguage\":\"fr-FR\"},{\"@type\":\"Organization\",\"@id\":\"https:\\\/\\\/minetek.com\\\/#organization\",\"name\":\"Minetek\",\"url\":\"https:\\\/\\\/minetek.com\\\/\",\"logo\":{\"@type\":\"ImageObject\",\"inLanguage\":\"fr-FR\",\"@id\":\"https:\\\/\\\/minetek.com\\\/#\\\/schema\\\/logo\\\/image\\\/\",\"url\":\"https:\\\/\\\/minetek.com\\\/wp-content\\\/uploads\\\/2025\\\/02\\\/13.png\",\"contentUrl\":\"https:\\\/\\\/minetek.com\\\/wp-content\\\/uploads\\\/2025\\\/02\\\/13.png\",\"width\":600,\"height\":600,\"caption\":\"Minetek\"},\"image\":{\"@id\":\"https:\\\/\\\/minetek.com\\\/#\\\/schema\\\/logo\\\/image\\\/\"},\"sameAs\":[\"https:\\\/\\\/www.facebook.com\\\/mineteksolutions\\\/\",\"https:\\\/\\\/www.linkedin.com\\\/company\\\/minetek\\\/\"]},{\"@type\":\"Person\",\"@id\":\"https:\\\/\\\/minetek.com\\\/#\\\/schema\\\/person\\\/020d627bcef6972a64d4744f853e0e29\",\"name\":\"RockAdmin\",\"image\":{\"@type\":\"ImageObject\",\"inLanguage\":\"fr-FR\",\"@id\":\"https:\\\/\\\/secure.gravatar.com\\\/avatar\\\/97868d448f9878bcb8b2d31cd055d7b67436244e18d0bcc5ad6ac095a1a26824?s=96&d=mm&r=g\",\"url\":\"https:\\\/\\\/secure.gravatar.com\\\/avatar\\\/97868d448f9878bcb8b2d31cd055d7b67436244e18d0bcc5ad6ac095a1a26824?s=96&d=mm&r=g\",\"contentUrl\":\"https:\\\/\\\/secure.gravatar.com\\\/avatar\\\/97868d448f9878bcb8b2d31cd055d7b67436244e18d0bcc5ad6ac095a1a26824?s=96&d=mm&r=g\",\"caption\":\"RockAdmin\"},\"sameAs\":[\"https:\\\/\\\/minetek.com\"],\"url\":\"https:\\\/\\\/minetek.com\\\/fr\\\/resource-hub\\\/news\\\/author\\\/rockadmin\\\/\"}]}<\/script>\n<!-- \/ Yoast SEO plugin. -->","yoast_head_json":{"title":"Minetek participe au North American Mine Ventilation Symposium - Minetek","description":"Cet article d\u00e9crit la participation de Minetek au 2023 North American Mine Ventilation Symposium, et pr\u00e9sente les nouvelles innovations et les enseignements tir\u00e9s.","robots":{"index":"index","follow":"follow","max-snippet":"max-snippet:-1","max-image-preview":"max-image-preview:large","max-video-preview":"max-video-preview:-1"},"canonical":"https:\/\/minetek.com\/fr\/resource-hub\/news\/2023-north-american-mine-ventilation-symposium\/","og_locale":"fr_FR","og_type":"article","og_title":"Minetek attends North American Mine Ventilation Symposium - Minetek","og_description":"This article details Minetek's attendance of the 2023 North American Mine Ventilation Symposium, unpacking new innovations and learnings.","og_url":"https:\/\/minetek.com\/fr\/resource-hub\/news\/2023-north-american-mine-ventilation-symposium\/","og_site_name":"Minetek","article_publisher":"https:\/\/www.facebook.com\/mineteksolutions\/","article_published_time":"2024-05-21T04:57:06+00:00","article_modified_time":"2024-10-21T04:23:55+00:00","og_image":[{"url":"https:\/\/minetek.com\/wp-content\/uploads\/2024\/05\/Raptor-Series-Primary-Fan.png","width":1920,"height":1536,"type":"image\/png"}],"author":"RockAdmin","twitter_card":"summary_large_image","twitter_misc":{"\u00c9crit par":"RockAdmin","Dur\u00e9e de lecture estim\u00e9e":"2 minutes"},"schema":{"@context":"https:\/\/schema.org","@graph":[{"@type":"Article","@id":"https:\/\/minetek.com\/resource-hub\/news\/2023-north-american-mine-ventilation-symposium\/#article","isPartOf":{"@id":"https:\/\/minetek.com\/resource-hub\/news\/2023-north-american-mine-ventilation-symposium\/"},"author":{"name":"RockAdmin","@id":"https:\/\/minetek.com\/#\/schema\/person\/020d627bcef6972a64d4744f853e0e29"},"headline":"Minetek attends North American Mine Ventilation Symposium","datePublished":"2024-05-21T04:57:06+00:00","dateModified":"2024-10-21T04:23:55+00:00","mainEntityOfPage":{"@id":"https:\/\/minetek.com\/resource-hub\/news\/2023-north-american-mine-ventilation-symposium\/"},"wordCount":202,"publisher":{"@id":"https:\/\/minetek.com\/#organization"},"image":{"@id":"https:\/\/minetek.com\/resource-hub\/news\/2023-north-american-mine-ventilation-symposium\/#primaryimage"},"thumbnailUrl":"https:\/\/minetek.com\/wp-content\/uploads\/2024\/05\/Raptor-Series-Primary-Fan.png","articleSection":["Air"],"inLanguage":"fr-FR"},{"@type":"WebPage","@id":"https:\/\/minetek.com\/resource-hub\/news\/2023-north-american-mine-ventilation-symposium\/","url":"https:\/\/minetek.com\/resource-hub\/news\/2023-north-american-mine-ventilation-symposium\/","name":"Minetek participe au North American Mine Ventilation Symposium - Minetek","isPartOf":{"@id":"https:\/\/minetek.com\/#website"},"primaryImageOfPage":{"@id":"https:\/\/minetek.com\/resource-hub\/news\/2023-north-american-mine-ventilation-symposium\/#primaryimage"},"image":{"@id":"https:\/\/minetek.com\/resource-hub\/news\/2023-north-american-mine-ventilation-symposium\/#primaryimage"},"thumbnailUrl":"https:\/\/minetek.com\/wp-content\/uploads\/2024\/05\/Raptor-Series-Primary-Fan.png","datePublished":"2024-05-21T04:57:06+00:00","dateModified":"2024-10-21T04:23:55+00:00","description":"Cet article d\u00e9crit la participation de Minetek au 2023 North American Mine Ventilation Symposium, et pr\u00e9sente les nouvelles innovations et les enseignements tir\u00e9s.","breadcrumb":{"@id":"https:\/\/minetek.com\/resource-hub\/news\/2023-north-american-mine-ventilation-symposium\/#breadcrumb"},"inLanguage":"fr-FR","potentialAction":[{"@type":"ReadAction","target":["https:\/\/minetek.com\/resource-hub\/news\/2023-north-american-mine-ventilation-symposium\/"]}]},{"@type":"ImageObject","inLanguage":"fr-FR","@id":"https:\/\/minetek.com\/resource-hub\/news\/2023-north-american-mine-ventilation-symposium\/#primaryimage","url":"https:\/\/minetek.com\/wp-content\/uploads\/2024\/05\/Raptor-Series-Primary-Fan.png","contentUrl":"https:\/\/minetek.com\/wp-content\/uploads\/2024\/05\/Raptor-Series-Primary-Fan.png","width":1920,"height":1536},{"@type":"BreadcrumbList","@id":"https:\/\/minetek.com\/resource-hub\/news\/2023-north-american-mine-ventilation-symposium\/#breadcrumb","itemListElement":[{"@type":"ListItem","position":1,"name":"Home","item":"https:\/\/minetek.com\/"},{"@type":"ListItem","position":2,"name":"Minetek attends North American Mine Ventilation Symposium"}]},{"@type":"WebSite","@id":"https:\/\/minetek.com\/#website","url":"https:\/\/minetek.com\/","name":"Minetek","description":"Solutions de classe mondiale pour l'\u00e9vaporation de l'eau, la ventilation souterraine et la r\u00e9duction du bruit dans l'industrie mini\u00e8re et l'industrie.","publisher":{"@id":"https:\/\/minetek.com\/#organization"},"potentialAction":[{"@type":"SearchAction","target":{"@type":"EntryPoint","urlTemplate":"https:\/\/minetek.com\/?s={search_term_string}"},"query-input":{"@type":"PropertyValueSpecification","valueRequired":true,"valueName":"search_term_string"}}],"inLanguage":"fr-FR"},{"@type":"Organization","@id":"https:\/\/minetek.com\/#organization","name":"Minetek","url":"https:\/\/minetek.com\/","logo":{"@type":"ImageObject","inLanguage":"fr-FR","@id":"https:\/\/minetek.com\/#\/schema\/logo\/image\/","url":"https:\/\/minetek.com\/wp-content\/uploads\/2025\/02\/13.png","contentUrl":"https:\/\/minetek.com\/wp-content\/uploads\/2025\/02\/13.png","width":600,"height":600,"caption":"Minetek"},"image":{"@id":"https:\/\/minetek.com\/#\/schema\/logo\/image\/"},"sameAs":["https:\/\/www.facebook.com\/mineteksolutions\/","https:\/\/www.linkedin.com\/company\/minetek\/"]},{"@type":"Person","@id":"https:\/\/minetek.com\/#\/schema\/person\/020d627bcef6972a64d4744f853e0e29","name":"RockAdmin","image":{"@type":"ImageObject","inLanguage":"fr-FR","@id":"https:\/\/secure.gravatar.com\/avatar\/97868d448f9878bcb8b2d31cd055d7b67436244e18d0bcc5ad6ac095a1a26824?s=96&d=mm&r=g","url":"https:\/\/secure.gravatar.com\/avatar\/97868d448f9878bcb8b2d31cd055d7b67436244e18d0bcc5ad6ac095a1a26824?s=96&d=mm&r=g","contentUrl":"https:\/\/secure.gravatar.com\/avatar\/97868d448f9878bcb8b2d31cd055d7b67436244e18d0bcc5ad6ac095a1a26824?s=96&d=mm&r=g","caption":"RockAdmin"},"sameAs":["https:\/\/minetek.com"],"url":"https:\/\/minetek.com\/fr\/resource-hub\/news\/author\/rockadmin\/"}]}},"_links":{"self":[{"href":"https:\/\/minetek.com\/fr\/wp-json\/wp\/v2\/posts\/1115","targetHints":{"allow":["GET"]}}],"collection":[{"href":"https:\/\/minetek.com\/fr\/wp-json\/wp\/v2\/posts"}],"about":[{"href":"https:\/\/minetek.com\/fr\/wp-json\/wp\/v2\/types\/post"}],"author":[{"embeddable":true,"href":"https:\/\/minetek.com\/fr\/wp-json\/wp\/v2\/users\/1"}],"replies":[{"embeddable":true,"href":"https:\/\/minetek.com\/fr\/wp-json\/wp\/v2\/comments?post=1115"}],"version-history":[{"count":0,"href":"https:\/\/minetek.com\/fr\/wp-json\/wp\/v2\/posts\/1115\/revisions"}],"wp:featuredmedia":[{"embeddable":true,"href":"https:\/\/minetek.com\/fr\/wp-json\/wp\/v2\/media\/2796"}],"wp:attachment":[{"href":"https:\/\/minetek.com\/fr\/wp-json\/wp\/v2\/media?parent=1115"}],"wp:term":[{"taxonomy":"category","embeddable":true,"href":"https:\/\/minetek.com\/fr\/wp-json\/wp\/v2\/categories?post=1115"},{"taxonomy":"post_tag","embeddable":true,"href":"https:\/\/minetek.com\/fr\/wp-json\/wp\/v2\/tags?post=1115"}],"curies":[{"name":"wp","href":"https:\/\/api.w.org\/{rel}","templated":true}]}}