{"id":585,"date":"2024-04-23T10:58:06","date_gmt":"2024-04-23T00:58:06","guid":{"rendered":"http:\/\/minetek.test\/?p=585"},"modified":"2024-10-21T15:28:18","modified_gmt":"2024-10-21T04:28:18","slug":"2023-sme-minexchange-conference","status":"publish","type":"post","link":"https:\/\/minetek.com\/es-es\/resource-hub\/news\/2023-sme-minexchange-conference\/","title":{"rendered":"Minetek asiste a la conferencia SME MINEXCHANGE 2023"},"content":{"rendered":"<div class=\"c-cms-content\"><h4>PYME Minexchange 2023<\/h4>\n<p>La conferencia y exposici\u00f3n SME MINEXCHANGE de este a\u00f1o se celebrar\u00e1 en el Colorado Convention Centre de Denver, Colorado, del domingo 26 de febrero al mi\u00e9rcoles 1 de marzo de 2023. Como la conferencia t\u00e9cnica m\u00e1s esperada de la industria minera, el evento reunir\u00e1 a m\u00e1s de 6.000 profesionales de la industria para fomentar el aprendizaje sobre una serie de temas de actualidad, incluyendo la gesti\u00f3n de relaves y los problemas de gesti\u00f3n del agua, la ventilaci\u00f3n subterr\u00e1nea, las soluciones de miner\u00eda neta cero, el desarrollo de la mano de obra y los minerales cr\u00edticos.<\/p>\n<p>Minetek es un expositor en la conferencia SME MINEXCHANGE de este a\u00f1o en el stand #1026. Reconocido mundialmente como proveedor de soluciones de ventilaci\u00f3n de aire, gesti\u00f3n del agua y atenuaci\u00f3n ac\u00fastica, estamos deseando compartir con nuestros clientes las enormes mejoras en seguridad, conformidad y beneficios que nuestras soluciones han proporcionado. Nuestra profunda experiencia en ingenier\u00eda de dominio permite a los operadores mineros lograr operaciones seguras y fiables al tiempo que ofrece reducciones de costes garantizadas, ayudando a alcanzar los objetivos de emisiones netas cero y una mayor rentabilidad. Visite Minetek en el stand #1026 para conocer de primera mano nuestros productos y soluciones llave en mano para aire, agua y sonido.<\/p>\n<\/div>","protected":false},"excerpt":{"rendered":"<p>SME Minexchange 2023 This year\u2019s SME MINEXCHANGE conference and expo will be held at the Colorado Convention Centre in Denver, Colorado, from Sunday, the 26th of February \u2013 Wednesday 1st of March, 2023. As the mining industry\u2019s most anticipated technical conference, the event will bring 6,000 + industry professionals together to foster learnings on a range of current matters, including tailings management and water management issues, underground ventilation, net-zero mining solutions, workforce development and critical minerals. Minetek is an exhibitor at this year\u2019s SME MINEXCHANGE conference at booth #1026. Recognised globally as a solutions provider of air ventilation, water management [&hellip;]<\/p>\n","protected":false},"author":1,"featured_media":3668,"comment_status":"closed","ping_status":"open","sticky":false,"template":"","format":"standard","meta":{"_acf_changed":false,"footnotes":""},"categories":[1],"tags":[],"class_list":["post-585","post","type-post","status-publish","format-standard","has-post-thumbnail","hentry","category-group"],"acf":[],"contentshake_article_id":"","yoast_head":"<!-- This site is optimized with the Yoast SEO plugin v27.5 - https:\/\/yoast.com\/product\/yoast-seo-wordpress\/ -->\n<title>Minetek attends 2023 SME MINEXCHANGE conference | Minetek<\/title>\n<meta name=\"description\" content=\"This article details Minetek&#039;s attendance and exhibitorship at the 2023 SME Minexchange conference in Denver Colorado.\" \/>\n<meta name=\"robots\" content=\"index, follow, max-snippet:-1, max-image-preview:large, max-video-preview:-1\" \/>\n<link rel=\"canonical\" href=\"https:\/\/minetek.com\/es-es\/resource-hub\/news\/2023-sme-minexchange-conference\/\" \/>\n<meta property=\"og:locale\" content=\"es_ES\" \/>\n<meta property=\"og:type\" content=\"article\" \/>\n<meta property=\"og:title\" content=\"Minetek attends 2023 SME MINEXCHANGE conference | Minetek\" \/>\n<meta property=\"og:description\" content=\"This article details Minetek&#039;s attendance and exhibitorship at the 2023 SME Minexchange conference in Denver Colorado.\" \/>\n<meta property=\"og:url\" content=\"https:\/\/minetek.com\/es-es\/resource-hub\/news\/2023-sme-minexchange-conference\/\" \/>\n<meta property=\"og:site_name\" content=\"Minetek\" \/>\n<meta property=\"article:publisher\" content=\"https:\/\/www.facebook.com\/mineteksolutions\/\" \/>\n<meta property=\"article:published_time\" content=\"2024-04-23T00:58:06+00:00\" \/>\n<meta property=\"article:modified_time\" content=\"2024-10-21T04:28:18+00:00\" \/>\n<meta property=\"og:image\" content=\"https:\/\/minetek.com\/wp-content\/uploads\/2024\/04\/MicrosoftTeams-image-20-scaled.jpg\" \/>\n\t<meta property=\"og:image:width\" content=\"1920\" \/>\n\t<meta property=\"og:image:height\" content=\"1440\" \/>\n\t<meta property=\"og:image:type\" content=\"image\/jpeg\" \/>\n<meta name=\"author\" content=\"RockAdmin\" \/>\n<meta name=\"twitter:card\" content=\"summary_large_image\" \/>\n<meta name=\"twitter:label1\" content=\"Escrito por\" \/>\n\t<meta name=\"twitter:data1\" content=\"RockAdmin\" \/>\n\t<meta name=\"twitter:label2\" content=\"Tiempo de lectura\" \/>\n\t<meta name=\"twitter:data2\" content=\"1 minuto\" \/>\n<script type=\"application\/ld+json\" class=\"yoast-schema-graph\">{\"@context\":\"https:\\\/\\\/schema.org\",\"@graph\":[{\"@type\":\"Article\",\"@id\":\"https:\\\/\\\/minetek.com\\\/en-us\\\/resource-hub\\\/news\\\/2023-sme-minexchange-conference\\\/#article\",\"isPartOf\":{\"@id\":\"https:\\\/\\\/minetek.com\\\/en-us\\\/resource-hub\\\/news\\\/2023-sme-minexchange-conference\\\/\"},\"author\":{\"name\":\"RockAdmin\",\"@id\":\"https:\\\/\\\/minetek.com\\\/#\\\/schema\\\/person\\\/020d627bcef6972a64d4744f853e0e29\"},\"headline\":\"Minetek attends 2023 SME MINEXCHANGE conference\",\"datePublished\":\"2024-04-23T00:58:06+00:00\",\"dateModified\":\"2024-10-21T04:28:18+00:00\",\"mainEntityOfPage\":{\"@id\":\"https:\\\/\\\/minetek.com\\\/en-us\\\/resource-hub\\\/news\\\/2023-sme-minexchange-conference\\\/\"},\"wordCount\":167,\"publisher\":{\"@id\":\"https:\\\/\\\/minetek.com\\\/#organization\"},\"image\":{\"@id\":\"https:\\\/\\\/minetek.com\\\/en-us\\\/resource-hub\\\/news\\\/2023-sme-minexchange-conference\\\/#primaryimage\"},\"thumbnailUrl\":\"https:\\\/\\\/minetek.com\\\/wp-content\\\/uploads\\\/2024\\\/04\\\/MicrosoftTeams-image-20-scaled.jpg\",\"articleSection\":[\"Group\"],\"inLanguage\":\"es\"},{\"@type\":\"WebPage\",\"@id\":\"https:\\\/\\\/minetek.com\\\/en-us\\\/resource-hub\\\/news\\\/2023-sme-minexchange-conference\\\/\",\"url\":\"https:\\\/\\\/minetek.com\\\/en-us\\\/resource-hub\\\/news\\\/2023-sme-minexchange-conference\\\/\",\"name\":\"Minetek attends 2023 SME MINEXCHANGE conference | Minetek\",\"isPartOf\":{\"@id\":\"https:\\\/\\\/minetek.com\\\/#website\"},\"primaryImageOfPage\":{\"@id\":\"https:\\\/\\\/minetek.com\\\/en-us\\\/resource-hub\\\/news\\\/2023-sme-minexchange-conference\\\/#primaryimage\"},\"image\":{\"@id\":\"https:\\\/\\\/minetek.com\\\/en-us\\\/resource-hub\\\/news\\\/2023-sme-minexchange-conference\\\/#primaryimage\"},\"thumbnailUrl\":\"https:\\\/\\\/minetek.com\\\/wp-content\\\/uploads\\\/2024\\\/04\\\/MicrosoftTeams-image-20-scaled.jpg\",\"datePublished\":\"2024-04-23T00:58:06+00:00\",\"dateModified\":\"2024-10-21T04:28:18+00:00\",\"description\":\"This article details Minetek's attendance and exhibitorship at the 2023 SME Minexchange conference in Denver Colorado.\",\"breadcrumb\":{\"@id\":\"https:\\\/\\\/minetek.com\\\/en-us\\\/resource-hub\\\/news\\\/2023-sme-minexchange-conference\\\/#breadcrumb\"},\"inLanguage\":\"es\",\"potentialAction\":[{\"@type\":\"ReadAction\",\"target\":[\"https:\\\/\\\/minetek.com\\\/en-us\\\/resource-hub\\\/news\\\/2023-sme-minexchange-conference\\\/\"]}]},{\"@type\":\"ImageObject\",\"inLanguage\":\"es\",\"@id\":\"https:\\\/\\\/minetek.com\\\/en-us\\\/resource-hub\\\/news\\\/2023-sme-minexchange-conference\\\/#primaryimage\",\"url\":\"https:\\\/\\\/minetek.com\\\/wp-content\\\/uploads\\\/2024\\\/04\\\/MicrosoftTeams-image-20-scaled.jpg\",\"contentUrl\":\"https:\\\/\\\/minetek.com\\\/wp-content\\\/uploads\\\/2024\\\/04\\\/MicrosoftTeams-image-20-scaled.jpg\",\"width\":1920,\"height\":1440,\"caption\":\"Minetek's stand at the 2023 Minexchange conference.\"},{\"@type\":\"BreadcrumbList\",\"@id\":\"https:\\\/\\\/minetek.com\\\/en-us\\\/resource-hub\\\/news\\\/2023-sme-minexchange-conference\\\/#breadcrumb\",\"itemListElement\":[{\"@type\":\"ListItem\",\"position\":1,\"name\":\"Home\",\"item\":\"https:\\\/\\\/minetek.com\\\/\"},{\"@type\":\"ListItem\",\"position\":2,\"name\":\"Minetek attends 2023 SME MINEXCHANGE conference\"}]},{\"@type\":\"WebSite\",\"@id\":\"https:\\\/\\\/minetek.com\\\/#website\",\"url\":\"https:\\\/\\\/minetek.com\\\/\",\"name\":\"Minetek\",\"description\":\"World-class water evaporation, underground ventilation, sound reduction solutions for mining and industry.\",\"publisher\":{\"@id\":\"https:\\\/\\\/minetek.com\\\/#organization\"},\"potentialAction\":[{\"@type\":\"SearchAction\",\"target\":{\"@type\":\"EntryPoint\",\"urlTemplate\":\"https:\\\/\\\/minetek.com\\\/?s={search_term_string}\"},\"query-input\":{\"@type\":\"PropertyValueSpecification\",\"valueRequired\":true,\"valueName\":\"search_term_string\"}}],\"inLanguage\":\"es\"},{\"@type\":\"Organization\",\"@id\":\"https:\\\/\\\/minetek.com\\\/#organization\",\"name\":\"Minetek\",\"url\":\"https:\\\/\\\/minetek.com\\\/\",\"logo\":{\"@type\":\"ImageObject\",\"inLanguage\":\"es\",\"@id\":\"https:\\\/\\\/minetek.com\\\/#\\\/schema\\\/logo\\\/image\\\/\",\"url\":\"https:\\\/\\\/minetek.com\\\/wp-content\\\/uploads\\\/2025\\\/02\\\/13.png\",\"contentUrl\":\"https:\\\/\\\/minetek.com\\\/wp-content\\\/uploads\\\/2025\\\/02\\\/13.png\",\"width\":600,\"height\":600,\"caption\":\"Minetek\"},\"image\":{\"@id\":\"https:\\\/\\\/minetek.com\\\/#\\\/schema\\\/logo\\\/image\\\/\"},\"sameAs\":[\"https:\\\/\\\/www.facebook.com\\\/mineteksolutions\\\/\",\"https:\\\/\\\/www.linkedin.com\\\/company\\\/minetek\\\/\"]},{\"@type\":\"Person\",\"@id\":\"https:\\\/\\\/minetek.com\\\/#\\\/schema\\\/person\\\/020d627bcef6972a64d4744f853e0e29\",\"name\":\"RockAdmin\",\"image\":{\"@type\":\"ImageObject\",\"inLanguage\":\"es\",\"@id\":\"https:\\\/\\\/secure.gravatar.com\\\/avatar\\\/97868d448f9878bcb8b2d31cd055d7b67436244e18d0bcc5ad6ac095a1a26824?s=96&d=mm&r=g\",\"url\":\"https:\\\/\\\/secure.gravatar.com\\\/avatar\\\/97868d448f9878bcb8b2d31cd055d7b67436244e18d0bcc5ad6ac095a1a26824?s=96&d=mm&r=g\",\"contentUrl\":\"https:\\\/\\\/secure.gravatar.com\\\/avatar\\\/97868d448f9878bcb8b2d31cd055d7b67436244e18d0bcc5ad6ac095a1a26824?s=96&d=mm&r=g\",\"caption\":\"RockAdmin\"},\"sameAs\":[\"https:\\\/\\\/minetek.com\"],\"url\":\"https:\\\/\\\/minetek.com\\\/es-es\\\/resource-hub\\\/news\\\/author\\\/rockadmin\\\/\"}]}<\/script>\n<!-- \/ Yoast SEO plugin. -->","yoast_head_json":{"title":"Minetek asiste a la conferencia SME MINEXCHANGE 2023 | Minetek","description":"Este art\u00edculo detalla la asistencia y participaci\u00f3n de Minetek como expositor en la conferencia SME Minexchange 2023 en Denver, Colorado.","robots":{"index":"index","follow":"follow","max-snippet":"max-snippet:-1","max-image-preview":"max-image-preview:large","max-video-preview":"max-video-preview:-1"},"canonical":"https:\/\/minetek.com\/es-es\/resource-hub\/news\/2023-sme-minexchange-conference\/","og_locale":"es_ES","og_type":"article","og_title":"Minetek attends 2023 SME MINEXCHANGE conference | Minetek","og_description":"This article details Minetek's attendance and exhibitorship at the 2023 SME Minexchange conference in Denver Colorado.","og_url":"https:\/\/minetek.com\/es-es\/resource-hub\/news\/2023-sme-minexchange-conference\/","og_site_name":"Minetek","article_publisher":"https:\/\/www.facebook.com\/mineteksolutions\/","article_published_time":"2024-04-23T00:58:06+00:00","article_modified_time":"2024-10-21T04:28:18+00:00","og_image":[{"width":1920,"height":1440,"url":"https:\/\/minetek.com\/wp-content\/uploads\/2024\/04\/MicrosoftTeams-image-20-scaled.jpg","type":"image\/jpeg"}],"author":"RockAdmin","twitter_card":"summary_large_image","twitter_misc":{"Escrito por":"RockAdmin","Tiempo de lectura":"1 minuto"},"schema":{"@context":"https:\/\/schema.org","@graph":[{"@type":"Article","@id":"https:\/\/minetek.com\/en-us\/resource-hub\/news\/2023-sme-minexchange-conference\/#article","isPartOf":{"@id":"https:\/\/minetek.com\/en-us\/resource-hub\/news\/2023-sme-minexchange-conference\/"},"author":{"name":"RockAdmin","@id":"https:\/\/minetek.com\/#\/schema\/person\/020d627bcef6972a64d4744f853e0e29"},"headline":"Minetek attends 2023 SME MINEXCHANGE conference","datePublished":"2024-04-23T00:58:06+00:00","dateModified":"2024-10-21T04:28:18+00:00","mainEntityOfPage":{"@id":"https:\/\/minetek.com\/en-us\/resource-hub\/news\/2023-sme-minexchange-conference\/"},"wordCount":167,"publisher":{"@id":"https:\/\/minetek.com\/#organization"},"image":{"@id":"https:\/\/minetek.com\/en-us\/resource-hub\/news\/2023-sme-minexchange-conference\/#primaryimage"},"thumbnailUrl":"https:\/\/minetek.com\/wp-content\/uploads\/2024\/04\/MicrosoftTeams-image-20-scaled.jpg","articleSection":["Group"],"inLanguage":"es"},{"@type":"WebPage","@id":"https:\/\/minetek.com\/en-us\/resource-hub\/news\/2023-sme-minexchange-conference\/","url":"https:\/\/minetek.com\/en-us\/resource-hub\/news\/2023-sme-minexchange-conference\/","name":"Minetek asiste a la conferencia SME MINEXCHANGE 2023 | Minetek","isPartOf":{"@id":"https:\/\/minetek.com\/#website"},"primaryImageOfPage":{"@id":"https:\/\/minetek.com\/en-us\/resource-hub\/news\/2023-sme-minexchange-conference\/#primaryimage"},"image":{"@id":"https:\/\/minetek.com\/en-us\/resource-hub\/news\/2023-sme-minexchange-conference\/#primaryimage"},"thumbnailUrl":"https:\/\/minetek.com\/wp-content\/uploads\/2024\/04\/MicrosoftTeams-image-20-scaled.jpg","datePublished":"2024-04-23T00:58:06+00:00","dateModified":"2024-10-21T04:28:18+00:00","description":"Este art\u00edculo detalla la asistencia y participaci\u00f3n de Minetek como expositor en la conferencia SME Minexchange 2023 en Denver, Colorado.","breadcrumb":{"@id":"https:\/\/minetek.com\/en-us\/resource-hub\/news\/2023-sme-minexchange-conference\/#breadcrumb"},"inLanguage":"es","potentialAction":[{"@type":"ReadAction","target":["https:\/\/minetek.com\/en-us\/resource-hub\/news\/2023-sme-minexchange-conference\/"]}]},{"@type":"ImageObject","inLanguage":"es","@id":"https:\/\/minetek.com\/en-us\/resource-hub\/news\/2023-sme-minexchange-conference\/#primaryimage","url":"https:\/\/minetek.com\/wp-content\/uploads\/2024\/04\/MicrosoftTeams-image-20-scaled.jpg","contentUrl":"https:\/\/minetek.com\/wp-content\/uploads\/2024\/04\/MicrosoftTeams-image-20-scaled.jpg","width":1920,"height":1440,"caption":"Minetek's stand at the 2023 Minexchange conference."},{"@type":"BreadcrumbList","@id":"https:\/\/minetek.com\/en-us\/resource-hub\/news\/2023-sme-minexchange-conference\/#breadcrumb","itemListElement":[{"@type":"ListItem","position":1,"name":"Home","item":"https:\/\/minetek.com\/"},{"@type":"ListItem","position":2,"name":"Minetek attends 2023 SME MINEXCHANGE conference"}]},{"@type":"WebSite","@id":"https:\/\/minetek.com\/#website","url":"https:\/\/minetek.com\/","name":"Minetek","description":"Soluciones de primera clase para evaporaci\u00f3n de agua, ventilaci\u00f3n subterr\u00e1nea y reducci\u00f3n del ruido en la miner\u00eda y la industria.","publisher":{"@id":"https:\/\/minetek.com\/#organization"},"potentialAction":[{"@type":"SearchAction","target":{"@type":"EntryPoint","urlTemplate":"https:\/\/minetek.com\/?s={search_term_string}"},"query-input":{"@type":"PropertyValueSpecification","valueRequired":true,"valueName":"search_term_string"}}],"inLanguage":"es"},{"@type":"Organization","@id":"https:\/\/minetek.com\/#organization","name":"Minetek","url":"https:\/\/minetek.com\/","logo":{"@type":"ImageObject","inLanguage":"es","@id":"https:\/\/minetek.com\/#\/schema\/logo\/image\/","url":"https:\/\/minetek.com\/wp-content\/uploads\/2025\/02\/13.png","contentUrl":"https:\/\/minetek.com\/wp-content\/uploads\/2025\/02\/13.png","width":600,"height":600,"caption":"Minetek"},"image":{"@id":"https:\/\/minetek.com\/#\/schema\/logo\/image\/"},"sameAs":["https:\/\/www.facebook.com\/mineteksolutions\/","https:\/\/www.linkedin.com\/company\/minetek\/"]},{"@type":"Person","@id":"https:\/\/minetek.com\/#\/schema\/person\/020d627bcef6972a64d4744f853e0e29","name":"RockAdmin","image":{"@type":"ImageObject","inLanguage":"es","@id":"https:\/\/secure.gravatar.com\/avatar\/97868d448f9878bcb8b2d31cd055d7b67436244e18d0bcc5ad6ac095a1a26824?s=96&d=mm&r=g","url":"https:\/\/secure.gravatar.com\/avatar\/97868d448f9878bcb8b2d31cd055d7b67436244e18d0bcc5ad6ac095a1a26824?s=96&d=mm&r=g","contentUrl":"https:\/\/secure.gravatar.com\/avatar\/97868d448f9878bcb8b2d31cd055d7b67436244e18d0bcc5ad6ac095a1a26824?s=96&d=mm&r=g","caption":"RockAdmin"},"sameAs":["https:\/\/minetek.com"],"url":"https:\/\/minetek.com\/es-es\/resource-hub\/news\/author\/rockadmin\/"}]}},"_links":{"self":[{"href":"https:\/\/minetek.com\/es-es\/wp-json\/wp\/v2\/posts\/585","targetHints":{"allow":["GET"]}}],"collection":[{"href":"https:\/\/minetek.com\/es-es\/wp-json\/wp\/v2\/posts"}],"about":[{"href":"https:\/\/minetek.com\/es-es\/wp-json\/wp\/v2\/types\/post"}],"author":[{"embeddable":true,"href":"https:\/\/minetek.com\/es-es\/wp-json\/wp\/v2\/users\/1"}],"replies":[{"embeddable":true,"href":"https:\/\/minetek.com\/es-es\/wp-json\/wp\/v2\/comments?post=585"}],"version-history":[{"count":0,"href":"https:\/\/minetek.com\/es-es\/wp-json\/wp\/v2\/posts\/585\/revisions"}],"wp:featuredmedia":[{"embeddable":true,"href":"https:\/\/minetek.com\/es-es\/wp-json\/wp\/v2\/media\/3668"}],"wp:attachment":[{"href":"https:\/\/minetek.com\/es-es\/wp-json\/wp\/v2\/media?parent=585"}],"wp:term":[{"taxonomy":"category","embeddable":true,"href":"https:\/\/minetek.com\/es-es\/wp-json\/wp\/v2\/categories?post=585"},{"taxonomy":"post_tag","embeddable":true,"href":"https:\/\/minetek.com\/es-es\/wp-json\/wp\/v2\/tags?post=585"}],"curies":[{"name":"wp","href":"https:\/\/api.w.org\/{rel}","templated":true}]}}